{"id":403,"date":"2019-10-22T07:38:38","date_gmt":"2019-10-22T07:38:38","guid":{"rendered":"https:\/\/lacentraldelcirc.cat\/esferacirc\/?p=403"},"modified":"2020-07-13T15:29:39","modified_gmt":"2020-07-13T15:29:39","slug":"fresh-circus-5","status":"publish","type":"post","link":"https:\/\/lacentraldelcirc.cat\/esferacirc\/index.php\/2019\/10\/22\/fresh-circus-5\/","title":{"rendered":"Pensem el cos del circ i reflexionem al Fresh Circus"},"content":{"rendered":"\t\t<div data-elementor-type=\"wp-post\" data-elementor-id=\"403\" class=\"elementor elementor-403\">\n\t\t\t\t\t\t<section data-particle_enable=\"false\" data-particle-mobile-disabled=\"false\" class=\"elementor-section elementor-top-section elementor-element elementor-element-db5e6c5 elementor-section-boxed elementor-section-height-default elementor-section-height-default\" data-id=\"db5e6c5\" data-element_type=\"section\">\n\t\t\t\t\t\t<div class=\"elementor-container elementor-column-gap-default\">\n\t\t\t\t\t<div class=\"elementor-column elementor-col-100 elementor-top-column elementor-element elementor-element-e8a95ba\" data-id=\"e8a95ba\" data-element_type=\"column\">\n\t\t\t<div class=\"elementor-widget-wrap elementor-element-populated\">\n\t\t\t\t\t\t<div class=\"elementor-element elementor-element-98b5e75 elementor-widget elementor-widget-text-editor\" data-id=\"98b5e75\" data-element_type=\"widget\" data-widget_type=\"text-editor.default\">\n\t\t\t\t<div class=\"elementor-widget-container\">\n\t\t\t\t\t\t\t\t\t<p>El segon mat\u00ed d\u2019activitat a Auch, es va fer una trobada interna a la <em>Sala Mirador de l\u2019Oficina de Turisme<\/em> d\u2019Auch, on les artistes van proposar una s\u00e8rie de din\u00e0miques corporals per reflexionar sobre la creaci\u00f3.<\/p><p>Durant les din\u00e0miques es va posar en relleu les formes diferenciades de relacionar-se amb la corporalitat de les artistes i les persones dedicades a treballs m\u00e9s t\u00e8cnics. Des de l\u2019inici les artistes van convidar els\/les participants \u00a0a moure\u2019s, a sentir, prendre consci\u00e8ncia corporal, a sentir-se en l\u2019espai i en relaci\u00f3 amb els\/es altres i els objectes. D\u2019aquestes primeres sensacions motrius van sortir idees com la separaci\u00f3 entre cos i ment i com les persones que es dediquen a treballs m\u00e9s t\u00e8cnics en el seu dia a dia poden perdre aquesta percepci\u00f3 mes sensorial. Es parla d\u2019aquest domini de la ment que d\u2019alguna forma tamb\u00e9 limita els moviments perqu\u00e8 actua com un jutge i com sentim vergonya quan ens movem de formes no habituals. Les artistes per la seva part parlen d\u2019equilibri, gravetat, moviment&#8230; i incl\u00fas del cos com a l\u00edmit, i de com a partir de la pr\u00e0ctica del circ es vol superar aquest l\u00edmit. Es parla de la por, de la frustraci\u00f3 i de la satisfacci\u00f3 que aporta la pres\u00e8ncia i la consci\u00e8ncia corporal.<\/p><p>Sobre la creaci\u00f3 amb objectes, les artistes ens conviden a investigar formes, moviments i textures amb uns seients penjats que tenen forma de gronxador per\u00f2 que al mateix temps estan ancorats a terra, fet que en limita la mobilitat. La investigaci\u00f3 la fem individual i col\u00b7lectivament. Aquest apropament a l\u2019objecte genera molt neguit per manca d\u2019experi\u00e8ncia. Algunes de les persones participants senten vergonya i por al rid\u00edcul, i no saben qu\u00e8 i com fer-ho. Les artistes expliquen que elles, quan estan creant tamb\u00e9 senten aquestes sensacions i que poden passar hores abans no s\u2019apropin a l\u2019objecte. La difer\u00e8ncia \u00e9s que elles tenen pr\u00e0ctica. Diuen que per fer una creaci\u00f3 es necessita temps i un espai segur, de no judici i que \u00e9s necessari que existeixin llocs on fer aquestes recerques. Tamb\u00e9 recalquen que en el circ l\u2019objecte \u00e9s un agent m\u00e9s de la creaci\u00f3 i que \u00e9s una fal\u00b7l\u00e0cia creure que hom domina l\u2019objecte quan majorit\u00e0riament l\u2019artista \u00e9s dominat per la t\u00e8cnica. Per entendre la creaci\u00f3 en circ, doncs, s\u2019ha de tenir molt present les relacions entre artista i objecte que possibilita una t\u00e8cnica.<\/p><p>Tamb\u00e9 es va tractar com ens presentem davant d\u2019un p\u00fablic. Es proposa fer-ho a trav\u00e9s de gestos improvisats, totes en cercle i repetint el gest de l\u2019altre. Seguidament ho fem davant un p\u00fablic, amb les cadires ordenades i en posici\u00f3 frontal. Aquests dos modes de presentaci\u00f3 generen diferents sensacions, mentre que unes persones es senten m\u00e9s insegures improvisant i fent gestos no habituals, d\u2019altres senten fredor i dist\u00e0ncia en fer la presentaci\u00f3 pautada de forma formal. Ambd\u00f3s exercicis ens ajuden a con\u00e8ixer-nos, a trencar el gel i a fer m\u00e9s grup. Tamb\u00e9 a sentir-se exposats i a viure en pell pr\u00f2pia el que pot sentir un\/a artista en sortir a escena.<\/p><p>Despr\u00e9s de dinar es va assistir a la <em>FRESH CIRCUS #5 Opening Plenary Session: Circus is everywhere! <\/em>I es va participar als seminaris de <em>FOCUS: Local Areas Under the Microscope<\/em> segons interessos. M\u00e9s tard es va compartir l\u2019espai de trobada <em>Welcome drinks<\/em> amb els\/les altres participants de l\u2019esdeveniment i on es va presentar Vam con\u00e8ixer <strong>St\u00e9phane Segreto-Aguilar<\/strong>, Coordinador de la xarxa Circostrada.<\/p><p>Durant la tarda es va assistir a l\u2019espectacle <a href=\"http:\/\/www.circa.auch.fr\/index.php\/fr\/spectacle-festival?idspec=216\"><em>M\u00f6bius<\/em><\/a> de\u00a0<strong>Cie XY \/ Rachid Ouramdane<\/strong>\u00a0al D\u00f4me<strong>. Sobre aquest, les persones participants van valorar <\/strong>que malgrat potser era massa llarga, va entretenir i agradar. La multitud de figures que generava el grup d\u2019acr\u00f2bates recordaven des de onades a torres de castellers i es va valorar positivament el treball coreogr\u00e0fic de\u00a0 Rachid Ouramdane.<\/p><p>Al vespre es va compartir impressions i teixir relacions amb les altres persones assistents a Fresh Circus\u00a0 durant el <em>Dinner: Delicious Flavours of Gascony<\/em>\u00a0 a la Maison du Festival.<\/p><p>Participar al Fresh Circus#5 va obrir la possibilitat de reflexionar sobre els imaginaris i les est\u00e8tiques del circ en diferents contextos culturals i hist\u00f2rics, con\u00e8ixer espais de creaci\u00f3, exhibici\u00f3, investigaci\u00f3 i producci\u00f3 de circ i establir contactes amb professionals de la cultura d\u2019arreu del m\u00f3n, vinculats a les arts del circ.<\/p>\t\t\t\t\t\t\t\t<\/div>\n\t\t\t\t<\/div>\n\t\t\t\t<div class=\"elementor-element elementor-element-c6397ac elementor-widget elementor-widget-gallery\" data-id=\"c6397ac\" data-element_type=\"widget\" data-settings=\"{&quot;columns&quot;:3,&quot;lazyload&quot;:&quot;yes&quot;,&quot;gallery_layout&quot;:&quot;grid&quot;,&quot;columns_tablet&quot;:2,&quot;columns_mobile&quot;:1,&quot;gap&quot;:{&quot;unit&quot;:&quot;px&quot;,&quot;size&quot;:10,&quot;sizes&quot;:[]},&quot;gap_tablet&quot;:{&quot;unit&quot;:&quot;px&quot;,&quot;size&quot;:10,&quot;sizes&quot;:[]},&quot;gap_mobile&quot;:{&quot;unit&quot;:&quot;px&quot;,&quot;size&quot;:10,&quot;sizes&quot;:[]},&quot;link_to&quot;:&quot;file&quot;,&quot;aspect_ratio&quot;:&quot;3:2&quot;,&quot;overlay_background&quot;:&quot;yes&quot;,&quot;content_hover_animation&quot;:&quot;fade-in&quot;}\" data-widget_type=\"gallery.default\">\n\t\t\t\t<div class=\"elementor-widget-container\">\n\t\t\t\t\t\t\t<div class=\"elementor-gallery__container\">\n\t\t\t\t\t\t\t<a class=\"e-gallery-item elementor-gallery-item elementor-animated-content\" href=\"https:\/\/lacentraldelcirc.cat\/esferacirc\/wp-content\/uploads\/2020\/06\/GALERIA-NOTICIA-2-1-scaled.jpg\" data-elementor-open-lightbox=\"yes\" data-elementor-lightbox-slideshow=\"all-c6397ac\" data-elementor-lightbox-title=\"GALERIA NOTICIA 2 -1\" data-e-action-hash=\"#elementor-action%3Aaction%3Dlightbox%26settings%3DeyJpZCI6NzEzLCJ1cmwiOiJodHRwczpcL1wvbGFjZW50cmFsZGVsY2lyYy5jYXRcL2VzZmVyYWNpcmNcL3dwLWNvbnRlbnRcL3VwbG9hZHNcLzIwMjBcLzA2XC9HQUxFUklBLU5PVElDSUEtMi0xLXNjYWxlZC5qcGciLCJzbGlkZXNob3ciOiJhbGwtYzYzOTdhYyJ9\">\n\t\t\t\t\t<div class=\"e-gallery-image elementor-gallery-item__image\" data-thumbnail=\"https:\/\/lacentraldelcirc.cat\/esferacirc\/wp-content\/uploads\/2020\/06\/GALERIA-NOTICIA-2-1-300x169.jpg\" data-width=\"300\" data-height=\"169\" alt=\"\" ><\/div>\n\t\t\t\t\t\t\t\t\t\t<div class=\"elementor-gallery-item__overlay\"><\/div>\n\t\t\t\t\t\t\t\t\t\t\t\t\t\t<\/a>\n\t\t\t\t\t\t\t<a class=\"e-gallery-item elementor-gallery-item elementor-animated-content\" href=\"https:\/\/lacentraldelcirc.cat\/esferacirc\/wp-content\/uploads\/2020\/06\/GALERIA-NOTICIA-2-2-scaled.jpg\" data-elementor-open-lightbox=\"yes\" data-elementor-lightbox-slideshow=\"all-c6397ac\" data-elementor-lightbox-title=\"GALERIA NOTICIA 2 - 2\" data-e-action-hash=\"#elementor-action%3Aaction%3Dlightbox%26settings%3DeyJpZCI6NzEyLCJ1cmwiOiJodHRwczpcL1wvbGFjZW50cmFsZGVsY2lyYy5jYXRcL2VzZmVyYWNpcmNcL3dwLWNvbnRlbnRcL3VwbG9hZHNcLzIwMjBcLzA2XC9HQUxFUklBLU5PVElDSUEtMi0yLXNjYWxlZC5qcGciLCJzbGlkZXNob3ciOiJhbGwtYzYzOTdhYyJ9\">\n\t\t\t\t\t<div class=\"e-gallery-image elementor-gallery-item__image\" data-thumbnail=\"https:\/\/lacentraldelcirc.cat\/esferacirc\/wp-content\/uploads\/2020\/06\/GALERIA-NOTICIA-2-2-300x169.jpg\" data-width=\"300\" data-height=\"169\" alt=\"\" ><\/div>\n\t\t\t\t\t\t\t\t\t\t<div class=\"elementor-gallery-item__overlay\"><\/div>\n\t\t\t\t\t\t\t\t\t\t\t\t\t\t<\/a>\n\t\t\t\t\t\t\t<a class=\"e-gallery-item elementor-gallery-item elementor-animated-content\" href=\"https:\/\/lacentraldelcirc.cat\/esferacirc\/wp-content\/uploads\/2020\/06\/GALERIA-NOTICIA-2-3-scaled.jpg\" data-elementor-open-lightbox=\"yes\" data-elementor-lightbox-slideshow=\"all-c6397ac\" data-elementor-lightbox-title=\"GALERIA NOTICIA 2 - 3\" data-e-action-hash=\"#elementor-action%3Aaction%3Dlightbox%26settings%3DeyJpZCI6NzExLCJ1cmwiOiJodHRwczpcL1wvbGFjZW50cmFsZGVsY2lyYy5jYXRcL2VzZmVyYWNpcmNcL3dwLWNvbnRlbnRcL3VwbG9hZHNcLzIwMjBcLzA2XC9HQUxFUklBLU5PVElDSUEtMi0zLXNjYWxlZC5qcGciLCJzbGlkZXNob3ciOiJhbGwtYzYzOTdhYyJ9\">\n\t\t\t\t\t<div class=\"e-gallery-image elementor-gallery-item__image\" data-thumbnail=\"https:\/\/lacentraldelcirc.cat\/esferacirc\/wp-content\/uploads\/2020\/06\/GALERIA-NOTICIA-2-3-300x169.jpg\" data-width=\"300\" data-height=\"169\" alt=\"\" ><\/div>\n\t\t\t\t\t\t\t\t\t\t<div class=\"elementor-gallery-item__overlay\"><\/div>\n\t\t\t\t\t\t\t\t\t\t\t\t\t\t<\/a>\n\t\t\t\t\t\t\t<a class=\"e-gallery-item elementor-gallery-item elementor-animated-content\" href=\"https:\/\/lacentraldelcirc.cat\/esferacirc\/wp-content\/uploads\/2020\/06\/GALERIA-NOTICIA-2-4.jpg\" data-elementor-open-lightbox=\"yes\" data-elementor-lightbox-slideshow=\"all-c6397ac\" data-elementor-lightbox-title=\"GALERIA NOTICIA 2 - 4\" data-e-action-hash=\"#elementor-action%3Aaction%3Dlightbox%26settings%3DeyJpZCI6NzEwLCJ1cmwiOiJodHRwczpcL1wvbGFjZW50cmFsZGVsY2lyYy5jYXRcL2VzZmVyYWNpcmNcL3dwLWNvbnRlbnRcL3VwbG9hZHNcLzIwMjBcLzA2XC9HQUxFUklBLU5PVElDSUEtMi00LmpwZyIsInNsaWRlc2hvdyI6ImFsbC1jNjM5N2FjIn0%3D\">\n\t\t\t\t\t<div class=\"e-gallery-image elementor-gallery-item__image\" data-thumbnail=\"https:\/\/lacentraldelcirc.cat\/esferacirc\/wp-content\/uploads\/2020\/06\/GALERIA-NOTICIA-2-4-300x169.jpg\" data-width=\"300\" data-height=\"169\" alt=\"\" ><\/div>\n\t\t\t\t\t\t\t\t\t\t<div class=\"elementor-gallery-item__overlay\"><\/div>\n\t\t\t\t\t\t\t\t\t\t\t\t\t\t<\/a>\n\t\t\t\t\t\t\t<a class=\"e-gallery-item elementor-gallery-item elementor-animated-content\" href=\"https:\/\/lacentraldelcirc.cat\/esferacirc\/wp-content\/uploads\/2020\/06\/GALERIA-NOTICIA-2-5-scaled.jpg\" data-elementor-open-lightbox=\"yes\" data-elementor-lightbox-slideshow=\"all-c6397ac\" data-elementor-lightbox-title=\"GALERIA NOTICIA 2 - 5\" data-e-action-hash=\"#elementor-action%3Aaction%3Dlightbox%26settings%3DeyJpZCI6NzA5LCJ1cmwiOiJodHRwczpcL1wvbGFjZW50cmFsZGVsY2lyYy5jYXRcL2VzZmVyYWNpcmNcL3dwLWNvbnRlbnRcL3VwbG9hZHNcLzIwMjBcLzA2XC9HQUxFUklBLU5PVElDSUEtMi01LXNjYWxlZC5qcGciLCJzbGlkZXNob3ciOiJhbGwtYzYzOTdhYyJ9\">\n\t\t\t\t\t<div class=\"e-gallery-image elementor-gallery-item__image\" data-thumbnail=\"https:\/\/lacentraldelcirc.cat\/esferacirc\/wp-content\/uploads\/2020\/06\/GALERIA-NOTICIA-2-5-300x169.jpg\" data-width=\"300\" data-height=\"169\" alt=\"\" ><\/div>\n\t\t\t\t\t\t\t\t\t\t<div class=\"elementor-gallery-item__overlay\"><\/div>\n\t\t\t\t\t\t\t\t\t\t\t\t\t\t<\/a>\n\t\t\t\t\t\t\t<a class=\"e-gallery-item elementor-gallery-item elementor-animated-content\" href=\"https:\/\/lacentraldelcirc.cat\/esferacirc\/wp-content\/uploads\/2020\/06\/GALERIA-NOTICIA-2-6-scaled.jpg\" data-elementor-open-lightbox=\"yes\" data-elementor-lightbox-slideshow=\"all-c6397ac\" data-elementor-lightbox-title=\"GALERIA NOTICIA 2 - 6\" data-e-action-hash=\"#elementor-action%3Aaction%3Dlightbox%26settings%3DeyJpZCI6NzA4LCJ1cmwiOiJodHRwczpcL1wvbGFjZW50cmFsZGVsY2lyYy5jYXRcL2VzZmVyYWNpcmNcL3dwLWNvbnRlbnRcL3VwbG9hZHNcLzIwMjBcLzA2XC9HQUxFUklBLU5PVElDSUEtMi02LXNjYWxlZC5qcGciLCJzbGlkZXNob3ciOiJhbGwtYzYzOTdhYyJ9\">\n\t\t\t\t\t<div class=\"e-gallery-image elementor-gallery-item__image\" data-thumbnail=\"https:\/\/lacentraldelcirc.cat\/esferacirc\/wp-content\/uploads\/2020\/06\/GALERIA-NOTICIA-2-6-168x300.jpg\" data-width=\"168\" data-height=\"300\" alt=\"\" ><\/div>\n\t\t\t\t\t\t\t\t\t\t<div class=\"elementor-gallery-item__overlay\"><\/div>\n\t\t\t\t\t\t\t\t\t\t\t\t\t\t<\/a>\n\t\t\t\t\t<\/div>\n\t\t\t\t\t<\/div>\n\t\t\t\t<\/div>\n\t\t\t\t\t<\/div>\n\t\t<\/div>\n\t\t\t\t\t<\/div>\n\t\t<\/section>\n\t\t\t\t<\/div>\n\t\t","protected":false},"excerpt":{"rendered":"<p>El segon mat\u00ed d\u2019activitat a Auch, es va fer una trobada interna a la Sala Mirador de l\u2019Oficina de Turisme d\u2019Auch, on les artistes van proposar una s\u00e8rie de din\u00e0miques corporals per reflexionar sobre la creaci\u00f3. Durant les din\u00e0miques es va posar en relleu les formes diferenciades de relacionar-se amb la corporalitat de les artistes &#8230; <a title=\"Pensem el cos del circ i reflexionem al Fresh Circus\" class=\"read-more\" href=\"https:\/\/lacentraldelcirc.cat\/esferacirc\/index.php\/2019\/10\/22\/fresh-circus-5\/\" aria-label=\"More on Pensem el cos del circ i reflexionem al Fresh Circus\">Read more<\/a><\/p>\n","protected":false},"author":2,"featured_media":698,"comment_status":"closed","ping_status":"closed","sticky":false,"template":"","format":"standard","meta":{"footnotes":""},"categories":[2,9,7],"tags":[],"_links":{"self":[{"href":"https:\/\/lacentraldelcirc.cat\/esferacirc\/index.php\/wp-json\/wp\/v2\/posts\/403"}],"collection":[{"href":"https:\/\/lacentraldelcirc.cat\/esferacirc\/index.php\/wp-json\/wp\/v2\/posts"}],"about":[{"href":"https:\/\/lacentraldelcirc.cat\/esferacirc\/index.php\/wp-json\/wp\/v2\/types\/post"}],"author":[{"embeddable":true,"href":"https:\/\/lacentraldelcirc.cat\/esferacirc\/index.php\/wp-json\/wp\/v2\/users\/2"}],"replies":[{"embeddable":true,"href":"https:\/\/lacentraldelcirc.cat\/esferacirc\/index.php\/wp-json\/wp\/v2\/comments?post=403"}],"version-history":[{"count":7,"href":"https:\/\/lacentraldelcirc.cat\/esferacirc\/index.php\/wp-json\/wp\/v2\/posts\/403\/revisions"}],"predecessor-version":[{"id":725,"href":"https:\/\/lacentraldelcirc.cat\/esferacirc\/index.php\/wp-json\/wp\/v2\/posts\/403\/revisions\/725"}],"wp:featuredmedia":[{"embeddable":true,"href":"https:\/\/lacentraldelcirc.cat\/esferacirc\/index.php\/wp-json\/wp\/v2\/media\/698"}],"wp:attachment":[{"href":"https:\/\/lacentraldelcirc.cat\/esferacirc\/index.php\/wp-json\/wp\/v2\/media?parent=403"}],"wp:term":[{"taxonomy":"category","embeddable":true,"href":"https:\/\/lacentraldelcirc.cat\/esferacirc\/index.php\/wp-json\/wp\/v2\/categories?post=403"},{"taxonomy":"post_tag","embeddable":true,"href":"https:\/\/lacentraldelcirc.cat\/esferacirc\/index.php\/wp-json\/wp\/v2\/tags?post=403"}],"curies":[{"name":"wp","href":"https:\/\/api.w.org\/{rel}","templated":true}]}}