{"id":1048,"date":"2020-07-30T11:28:04","date_gmt":"2020-07-30T11:28:04","guid":{"rendered":"https:\/\/lacentraldelcirc.cat\/esferacirc\/?p=1048"},"modified":"2020-11-16T11:46:06","modified_gmt":"2020-11-16T11:46:06","slug":"les-carpes","status":"publish","type":"post","link":"https:\/\/lacentraldelcirc.cat\/esferacirc\/index.php\/2020\/07\/30\/les-carpes\/","title":{"rendered":"Les Carpes"},"content":{"rendered":"<p><span style=\"font-weight: 400;\">En aquesta ocasi\u00f3 el col\u00b7loqui versa sobre les carpes de circ. Una trobada\u00a0 per zoom amb el Jordi Gaspar per parlar de La Vela de <\/span><a href=\"http:\/\/lestruch.sabadell.cat\/\"><span style=\"font-weight: 400;\">l\u2019Estruch<\/span><\/a><span style=\"font-weight: 400;\"> de Sabadell, la seva hist\u00f2ria i les q\u00fcestions t\u00e8cniques d\u2019implantaci\u00f3 d\u2019una carpa de circ; juntament amb l\u2019Oriol Escursell del projecte <\/span><a href=\"https:\/\/www.instagram.com\/nilak_cti\/\"><span style=\"font-weight: 400;\">Nilak<\/span><\/a><span style=\"font-weight: 400;\"> i Marcel Escolano de <\/span><a href=\"https:\/\/losgalindos.net\/\"><span style=\"font-weight: 400;\">Los Galindos<\/span><\/a><span style=\"font-weight: 400;\"> per parlar sobre les est\u00e8tiques i po\u00e8tiques del circ en carpa.<\/span><\/p>\n<p><span style=\"font-weight: 400;\">El primer en exposar el seu projecte \u00e9s Oriol Escursell qui destacava \u201cque Nilak encara no t\u00e9 carpa\u201d. Segons les dades de les <\/span><a href=\"http:\/\/dadesculturals.gencat.cat\/web\/.content\/sscc\/gt\/arxius_gt\/ECC-2017.pdf\"><span style=\"font-weight: 400;\">Estad\u00edstiques Culturals de Catalunya del 2017<\/span><\/a><span style=\"font-weight: 400;\"> del Departament de Cultura de la Generalitat de Catalunya el 26% de les comarques catalanes no tenen cap teatre, i entre el 2011 i el 2015 el circ ha representat el 2,2% de la programaci\u00f3 teatral.\u00a0<\/span><span style=\"font-weight: 400;\">Per aquest motiu presentem Nilak, circ teatre itinerant. Un Circ Teatre capa\u00e7 d&#8217;englobar diverses activitats i crear un m\u00f3n ef\u00edmer durant uns dies.<\/span><\/p>\n<p><span style=\"font-weight: 400;\">\u200b<\/span><span style=\"font-weight: 400;\">\u201cCreiem en el circ contemporani i en les arts esc\u00e8niques com una eina de transformaci\u00f3 social i cultural. Potenciar l\u2019art en viu i retornar l\u2019ess\u00e8ncia de les carpes dels circs i del campament que es general al seu entorn.\u201d<\/span><\/p>\n<p><span style=\"font-weight: 400;\">Utilitzant el car\u00e0cter n\u00f2mada per descentralitzar les arts esc\u00e8niques dels grans nuclis urbans i convertir els pobles en l&#8217;epicentre del circ, Nilak situa la carpa com a eix vertebrador del projecte, com a s\u00edmbol de circ i de transformaci\u00f3 de l&#8217;espai urb\u00e0.<\/span><\/p>\n<p><span style=\"font-weight: 400;\">Actualment, explica Escursell, la programaci\u00f3 de circ contemporani es troba en grans nuclis urbans, per aix\u00f2 volen apropar al circ a totes les zones demogr\u00e0fiques de Catalunya. Crear un projecte que arribi arreu i reivindiqui la carpa de circ com a m\u00e0xim exponent de la contemporane\u00eftat actual. Apropant les noves dramat\u00fargies a tot el territori per facilitar-ne la visibilitat, en especial en aquelles comarques que no disposen d\u2019instal\u00b7lacions teatrals.<\/span><\/p>\n<p><span style=\"font-weight: 400;\">Una carpa, per l\u2019artista, \u00e9s molt m\u00e9s que un s\u00edmbol del circ, \u00e9s una forma d\u2019entendre el m\u00f3n. Des de Nilak creuen que \u00e9s hora de retornar a la carpa, tornar a omplir aquest imaginari que tenim que a poc a poc est\u00e0 desapareixent. \u201c\u00c9s per aix\u00f2 que proposem aquesta estructura com a eix vertebrador del projecte, per tal de recuperar la carpa de circ i el campament que es genera al voltant amb l\u2019objectiu de reconstruir la identitat perduda del circ contemporani catal\u00e0, recuperar la m\u00e0gia d\u2019aquest espai i tornar-lo a l\u2019imaginari col\u00b7lectiu.\u00a0<\/span><span style=\"font-weight: 400;\">Funcionar com un teatre permetr\u00e0 que moltes companyies puguin fer-se seva la carpa, augmentar la programaci\u00f3 i a poc a poc tornar a fer habitual l\u2019aparici\u00f3 de les carpes de circ als pobles.<\/span><\/p>\n<p><span style=\"font-weight: 400;\">\u200bAl seu torn, p<\/span><span style=\"font-weight: 400;\">er Marcel de Galindos la Iurta \u00e9s el lloc ideal pels seus espectacles perqu\u00e8 els hi permet encarar la idea de reuni\u00f3, de trobada amb el p\u00fablic.\u00a0<\/span><span style=\"font-weight: 400;\">Per l\u2019Anna de Matar\u00f3 la proximitat amb el p\u00fablic \u00e9s essencial i la carpa, la Iurta, la vela permet crear un imaginari, una viv\u00e8ncia fins i tot abans d\u2019entrar-hi. \u201cPel p\u00fablic \u00e9s triplicament gratificant.\u201d apunta i destaca la import\u00e0ncia de canviar l\u2019imaginari associat al circ cl\u00e0ssic gr\u00e0cies a espectacles de circ m\u00e9s contemporanis que puguin atraure al p\u00fablic jove!\u00a0<\/span><\/p>\n<p><span style=\"font-weight: 400;\">Per Marcel, en la mateixa l\u00ednia captar el p\u00fablic \u00e9s b\u00e0sic i cal fer-ho des de les escoles fomentant que el teatre i el circ entre a les programacions escolars. Destaca que els espectacles dels Galindo fan funcions escolars.\u00a0<\/span><span style=\"font-weight: 400;\">Tanmateix, l\u2019Anna destaca el buit de joves al teatre, \u201cdels 17 al 20 no tenim gent, despr\u00e9s als 30 i escaig es recupera una mica\u201d<\/span><\/p>\n<p><span style=\"font-weight: 400;\">Escursell apunta que el que funciona amb les escoles son els tallers m\u00e9s immersius, participatius. \u201cel p\u00fablic no existeix es crea. La nostra feina es la d&#8217;enamorar-los perqu\u00e8 vulguin tornar\u201d diu l\u2019impulsor de Nilak<\/span><\/p>\n<p><span style=\"font-weight: 400;\">Per l\u2019Anna la clau \u00e9s fet una llei de les arts en viu igual que hi ha una llei de lectura que se sustenta en les biblioteques p\u00fabliques i Laura Boves destaca que des de Cultura s\u2019est\u00e0 treballant amb ensenyament per fer una feina conjunta de p\u00fablics.\u00a0<\/span><span style=\"font-weight: 400;\">Escursell afegeix s\u2019ha de treballar el territori perqu\u00e8 el p\u00fablic pugui existir i crear vincles amb els museus i institucions del territori que acull la carpa.<\/span><\/p>\n<p><span style=\"font-weight: 400;\">Arriba el torn de Jordi Gaspar que explica la situaci\u00f3 de la Vela de l\u2019Estruch. Gaspar opina que la vela hauria de ser itinerant o semipermanent. \u201cLa carpa \u00e9s rom\u00e0ntic per\u00f2 complica alguna cosa. Si no la tansportes no te sentit\u201d\u00a0\u00a0<\/span><span style=\"font-weight: 400;\">A l\u2019Estruch, relata, tenen problemes d\u2019ac\u00fastica i calefacci\u00f3. A m\u00e9s, les cies\u00a0 volen pintes no necessiten les 4 bandes. \u201cVolen espais teatrals per facilitar la creaci\u00f3 i anar a treballar\u201d.\u00a0<\/span><span style=\"font-weight: 400;\">Marcel demana si la vela \u00e9s per tant un inconvenient i Gaspar respon \u201c en alguns casos s\u00ed i en altres no. La vela ha de ser el m\u00e9s vers\u00e0til possible. Nosaltres som un ventre de resid\u00e8ncia i exhibici\u00f3.\u201d\u00a0<\/span><span style=\"font-weight: 400;\">La vela, argumenta, t\u00e9 36 anys i ja es nota el desgast i pel que fa a l\u2019administraci\u00f3 no t\u00e9 un certificat d\u2019usos espec\u00edfic \u201c est\u00e0 al limbo i els arquitectes no se l\u2019han fet seva\u201d.\u00a0<\/span><\/p>\n<p><span style=\"font-weight: 400;\">La carpa insist\u00ed Gaspar \u201c\u00e9s un lloc que es posa a 50 graus, que s\u2019ha de ventilar que no pots fer llum fins la nit. \u00e9s complicat\u201d.\u00a0<\/span><span style=\"font-weight: 400;\">La carpa de l\u2019Estruch t\u00e9 un aforament per 400 persones. \u00c9s de 180 graus, amb prosceni i la grada l\u2019embolcalla tota. Ara b\u00e9, la gent est\u00e0 fent frontals perqu\u00e8 volen treballar i de fet nosaltres estem pensant en fer una pista quadrada a la carpa amb m\u00f2duls perqu\u00e8 ens ho demanen les companyies en resid\u00e8ncia&#8221;.\u00a0<\/span><span style=\"font-weight: 400;\">Tot i els inconvenients que explica Gaspar, per la V\u00edvian la carpa \u00e9s un lloc molt perform\u00e0tic perqu\u00e8 no es pot amagar res, el teatre en canvi \u00e9s un\u00a0 espai d\u2019il\u00b7lusi\u00f3 on es poden amagar coses.\u00a0<\/span><\/p>\n<p><span style=\"font-weight: 400;\">Per Gaspar la carpa \u00e9s m\u00e0gica i po\u00e8tica, \u201ccom\u00a0 una catedral on la gent mira cap amunt\u201d.\u00a0<\/span><span style=\"font-weight: 400;\">L\u2019imaginari de les carpes pot ser nost\u00e0lgic, i de fet, els circs cl\u00e0ssics viuen d&#8217;aix\u00f2. Per la Vivian cal canviar aquest imaginari i adaptar-lo a les companyies contempor\u00e0nies.\u00a0<\/span><span style=\"font-weight: 400;\">Una de les participants tanca la sessi\u00f3 amb un apunt t\u00e8cnic clar \u201c m\u00e9s enll\u00e0 dels imaginaris de la carpa el que veiem es que sense\u00a0<\/span><span style=\"font-weight: 400;\">unes certificacions clares de l\u2019administraci\u00f3 la programaci\u00f3 es veu condicionada&#8221;.\u00a0<\/span><\/p>\n<p>&nbsp;<\/p>\n","protected":false},"excerpt":{"rendered":"<p>En aquesta ocasi\u00f3 el col\u00b7loqui versa sobre les carpes de circ. Una trobada\u00a0 per zoom amb el Jordi Gaspar per parlar de La Vela de l\u2019Estruch de Sabadell, la seva hist\u00f2ria i les q\u00fcestions t\u00e8cniques d\u2019implantaci\u00f3 d\u2019una carpa de circ; juntament amb l\u2019Oriol Escursell del projecte Nilak i Marcel Escolano de Los Galindos per parlar &#8230; <a title=\"Les Carpes\" class=\"read-more\" href=\"https:\/\/lacentraldelcirc.cat\/esferacirc\/index.php\/2020\/07\/30\/les-carpes\/\" aria-label=\"More on Les Carpes\">Read more<\/a><\/p>\n","protected":false},"author":3,"featured_media":1049,"comment_status":"closed","ping_status":"closed","sticky":false,"template":"","format":"standard","meta":{"footnotes":""},"categories":[2,7,50],"tags":[],"_links":{"self":[{"href":"https:\/\/lacentraldelcirc.cat\/esferacirc\/index.php\/wp-json\/wp\/v2\/posts\/1048"}],"collection":[{"href":"https:\/\/lacentraldelcirc.cat\/esferacirc\/index.php\/wp-json\/wp\/v2\/posts"}],"about":[{"href":"https:\/\/lacentraldelcirc.cat\/esferacirc\/index.php\/wp-json\/wp\/v2\/types\/post"}],"author":[{"embeddable":true,"href":"https:\/\/lacentraldelcirc.cat\/esferacirc\/index.php\/wp-json\/wp\/v2\/users\/3"}],"replies":[{"embeddable":true,"href":"https:\/\/lacentraldelcirc.cat\/esferacirc\/index.php\/wp-json\/wp\/v2\/comments?post=1048"}],"version-history":[{"count":1,"href":"https:\/\/lacentraldelcirc.cat\/esferacirc\/index.php\/wp-json\/wp\/v2\/posts\/1048\/revisions"}],"predecessor-version":[{"id":1050,"href":"https:\/\/lacentraldelcirc.cat\/esferacirc\/index.php\/wp-json\/wp\/v2\/posts\/1048\/revisions\/1050"}],"wp:featuredmedia":[{"embeddable":true,"href":"https:\/\/lacentraldelcirc.cat\/esferacirc\/index.php\/wp-json\/wp\/v2\/media\/1049"}],"wp:attachment":[{"href":"https:\/\/lacentraldelcirc.cat\/esferacirc\/index.php\/wp-json\/wp\/v2\/media?parent=1048"}],"wp:term":[{"taxonomy":"category","embeddable":true,"href":"https:\/\/lacentraldelcirc.cat\/esferacirc\/index.php\/wp-json\/wp\/v2\/categories?post=1048"},{"taxonomy":"post_tag","embeddable":true,"href":"https:\/\/lacentraldelcirc.cat\/esferacirc\/index.php\/wp-json\/wp\/v2\/tags?post=1048"}],"curies":[{"name":"wp","href":"https:\/\/api.w.org\/{rel}","templated":true}]}}